{"id":9449,"date":"2021-11-16T18:39:27","date_gmt":"2021-11-16T18:39:27","guid":{"rendered":"https:\/\/www.vccp.com\/madrid\/?post_type=news&#038;p=9449"},"modified":"2023-02-07T10:12:12","modified_gmt":"2023-02-07T10:12:12","slug":"beto-nahmad-jurado-festival-eurobest-young-creatives","status":"publish","type":"news","link":"https:\/\/www.vccp.com\/spain\/es-es\/noticias\/2021\/nov\/beto-nahmad-jurado-festival-eurobest-young-creatives","title":{"rendered":"Beto Nahmad ser\u00e1 jurado en Eurobest Young Creatives"},"content":{"rendered":"<div class=\"lazyblock-text-full-width-W1dUg wp-block-lazyblock-text-full-width\"><section class=\"fullwidth text-center\" data-aos=\"fade-up\">\n  <div class=\"container\">\n    \n    \n    <p>Beto Nahmad, Director Creativo Ejecutivo de VCCP Spain, ser\u00e1 miembro del Jurado de la pr\u00f3xima edici\u00f3n del festival Eurobest Young Creatives, que ser\u00e1 100% online.<\/p>\n<p>Nahmad ha sido jurado en los principales festivales nacionales e internacionales de la industria. Este mismo a\u00f1o, fue Jurado en los Young Lions del festival de Cannes a propuesta del C\u00edrculo Creativo de Estados Unidos.<\/p>\n<p>Para esta ocasi\u00f3n, equipos de dos personas, deben crear en 48 horas, una campa\u00f1a integrada en respuesta a un briefing establecido por una organizaci\u00f3n ben\u00e9fica o sin \u00e1nimo de lucro, cuyo nombre, objetivos, estrategias y p\u00fablico objetivo se mantienen en secreto hasta la sesi\u00f3n informativa del concurso.<\/p>\n<p>A lo largo de los a\u00f1os, el festival Eurobest Young Creatives, que forma parte de la familia de los Cannes Lions, se ha convertido en una aut\u00e9ntica celebraci\u00f3n de la creatividad europea en la que los j\u00f3venes profesionales tienen la oportunidad de mostrar su talento, ofreciendo a los participantes la oportunidad de obtener el reconocimiento de la industria y dejar su huella en toda Europa. Los ganadores se anunciar\u00e1n el 15 de diciembre a trav\u00e9s de la transmisi\u00f3n en directo de Eurobest Unwrapped a una audiencia mundial.<\/p>\n  <\/div>\n<\/section><\/div>\n\n<div class=\"lazyblock-quote-full-width-2dBx15 wp-block-lazyblock-quote-full-width\">  <section class=\"fullwidth fullwidth--top-lg text-center\" data-aos=\"fade-up\">\n    <div class=\"container\">\n\n      <blockquote class=\"blockquote\">\n        Es un placer poder formar parte de este jurado incre\u00edble y poder seleccionar en equipo el talento del ma\u00f1ana. Gracias a los Eurobest y a Cannes Lions por el apoyo \n        <cite>Beto Nahmad, Director Creativo Ejecutivo de VCCP Spain<\/cite>      <\/blockquote>\n\n    <\/div>\n  <\/section><\/div>","protected":false},"excerpt":{"rendered":"","protected":false},"author":23,"template":"","categories":[391],"class_list":["post-9449","news","type-news","status-publish","hentry","category-noticias-de-la-agencia"],"acf":{"author":false,"client_id":"","hero_video":"","hero_image":{"ID":9450,"id":9450,"title":"Beto-jurado-eurobest","filename":"Beto-jurado-eurobest.png","filesize":672777,"url":"https:\/\/www.vccp.com\/spain\/wp-content\/uploads\/sites\/3\/2021\/11\/Beto-jurado-eurobest.png","link":"https:\/\/www.vccp.com\/spain\/news\/2021\/nov\/beto-nahmad-jurado-festival-eurobest-young-creatives\/attachment\/beto-jurado-eurobest","alt":"","author":"23","description":"","caption":"","name":"beto-jurado-eurobest","status":"inherit","uploaded_to":9445,"date":"2021-11-16 18:35:49","modified":"2021-11-16 18:35:49","menu_order":0,"mime_type":"image\/png","type":"image","subtype":"png","icon":"https:\/\/www.vccp.com\/spain\/wp-includes\/images\/media\/default.png","width":1920,"height":720,"sizes":{"thumbnail":"https:\/\/www.vccp.com\/spain\/wp-content\/uploads\/sites\/3\/2021\/11\/Beto-jurado-eurobest-150x150.png","thumbnail-width":150,"thumbnail-height":150,"medium":"https:\/\/www.vccp.com\/spain\/wp-content\/uploads\/sites\/3\/2021\/11\/Beto-jurado-eurobest-300x113.png","medium-width":300,"medium-height":113,"medium_large":"https:\/\/www.vccp.com\/spain\/wp-content\/uploads\/sites\/3\/2021\/11\/Beto-jurado-eurobest-768x288.png","medium_large-width":640,"medium_large-height":240,"large":"https:\/\/www.vccp.com\/spain\/wp-content\/uploads\/sites\/3\/2021\/11\/Beto-jurado-eurobest-1024x384.png","large-width":640,"large-height":240,"1536x1536":"https:\/\/www.vccp.com\/spain\/wp-content\/uploads\/sites\/3\/2021\/11\/Beto-jurado-eurobest-1536x576.png","1536x1536-width":1536,"1536x1536-height":576,"2048x2048":"https:\/\/www.vccp.com\/spain\/wp-content\/uploads\/sites\/3\/2021\/11\/Beto-jurado-eurobest.png","2048x2048-width":1920,"2048x2048-height":720,"Header":"https:\/\/www.vccp.com\/spain\/wp-content\/uploads\/sites\/3\/2021\/11\/Beto-jurado-eurobest.png","Header-width":1920,"Header-height":720,"Wide":"https:\/\/www.vccp.com\/spain\/wp-content\/uploads\/sites\/3\/2021\/11\/Beto-jurado-eurobest.png","Wide-width":1920,"Wide-height":720,"Square":"https:\/\/www.vccp.com\/spain\/wp-content\/uploads\/sites\/3\/2021\/11\/Beto-jurado-eurobest-768x720.png","Square-width":768,"Square-height":720,"Tall":"https:\/\/www.vccp.com\/spain\/wp-content\/uploads\/sites\/3\/2021\/11\/Beto-jurado-eurobest-307x615.png","Tall-width":307,"Tall-height":615,"Mobile":"https:\/\/www.vccp.com\/spain\/wp-content\/uploads\/sites\/3\/2021\/11\/Beto-jurado-eurobest-768x720.png","Mobile-width":768,"Mobile-height":720,"Facebook":"https:\/\/www.vccp.com\/spain\/wp-content\/uploads\/sites\/3\/2021\/11\/Beto-jurado-eurobest-1200x630.png","Facebook-width":1200,"Facebook-height":630,"Grid-Item-Square":"https:\/\/www.vccp.com\/spain\/wp-content\/uploads\/sites\/3\/2021\/11\/Beto-jurado-eurobest-768x720.png","Grid-Item-Square-width":768,"Grid-Item-Square-height":720,"Grid-Item-Wide":"https:\/\/www.vccp.com\/spain\/wp-content\/uploads\/sites\/3\/2021\/11\/Beto-jurado-eurobest-768x384.png","Grid-Item-Wide-width":768,"Grid-Item-Wide-height":384,"Grid-Item-Tall":"https:\/\/www.vccp.com\/spain\/wp-content\/uploads\/sites\/3\/2021\/11\/Beto-jurado-eurobest-307x615.png","Grid-Item-Tall-width":307,"Grid-Item-Tall-height":615}},"meta_title":"Beto Nahmad (VCCP Spain), juzgar\u00e1 el talento de los j\u00f3venes europeos en el festival Eurobest Young Creatives","meta-description":"Equipos de dos personas tienen 48 horas para crear una campa\u00f1a publicitaria integrada en respuesta a un briefing establecido por una organizaci\u00f3n ben\u00e9fica o sin \u00e1nimo de lucro","og-image":false,"twitter-site":"","twitter-card":"","twitter-image-alt":"","related_content_title":"You may also like","relateditems":[{"relateditem":{"ID":9401,"post_author":"23","post_date":"2021-07-20 15:39:17","post_date_gmt":"2021-07-20 14:39:17","post_content":"<!-- wp:lazyblock\/text-full-width-bold {\"text\":\"En la campa\u00f1a \u201cEl viaje para conocernos\u201d, tres viajeros de diferentes perfiles visitan los principales enclaves tur\u00edsticos de Castilla y Le\u00f3n mientras se mide su actividad cerebral. \\n \\nPara ello, utilizaron una gorra con 2048 microsensores y una c\u00e1mara subjetiva, que recoge en tiempo real su actividad cerebral al visitar cada enclave tur\u00edstico.\\n\\nGracias a este proyecto se pudo demostrar que los est\u00edmulos que mayor activaci\u00f3n emocional positiva generan son aquellos desconocidos y m\u00e1s sorprendentes.\\n\",\"blockId\":\"Z27gFXv\",\"blockUniqueClass\":\"lazyblock-text-full-width-bold-Z27gFXv\"} \/-->\n\n<!-- wp:lazyblock\/carousel {\"items\":\"%5B%7B%22video-source%22:%22youtube%22,%22video-id%22:%22UEZYFNMzN0I%22%7D%5D\",\"blockId\":\"2etRW5\",\"blockUniqueClass\":\"lazyblock-carousel-2etRW5\"} \/-->\n\n<!-- wp:lazyblock\/text-full-width {\"text\":\"\\u003cp\\u003eLa Junta de Castilla y Le\u00f3n ha impulsado un innovador proyecto de neuromarketing, denominado \u201cEl viaje para conocernos\u201d (\\u003ca href=\\u0022https:\/\/elviajeparaconocernos.com\/\\u0022\\u003eelviajeparaconocernos.com\\u003c\/a\\u003e), para reivindicar el atractivo de la amplia oferta de experiencias que todo tipo de turistas pueden vivir en Castilla y Le\u00f3n, algo que hace \u00fanico a este destino tur\u00edstico.\\u003c\/p\\u003e\\n\\u003cp\\u003e\u00a0\\u003c\/p\\u003e\\n\\u003cp\\u003eEn este proyecto, ideado por la agencia creativa VCCP Spain, se midi\u00f3 por primera vez en tiempo real la actividad cerebral de tres turistas de diferentes perfiles mientras visitaban los principales enclaves tur\u00edsticos de las 9 provincias de Castilla y Le\u00f3n.\\u003c\/p\\u003e\\n\\u003cp\\u003e\u00a0\\u003c\/p\\u003e\\n\\u003cp\\u003ePara ello, se utiliz\u00f3 una innovadora gorra que lleva incorporada una c\u00e1mara frontal y una malla invisible con 2048 microsensores que recogieron durante cuatro d\u00edas la actividad cerebral de los turistas transform\u00e1ndola en datos.\\u003c\/p\\u003e\\n\\u003cp\\u003e\u00a0\\u003c\/p\\u003e\\n\\u003cp\\u003eGracias a esta tecnolog\u00eda, \u00fanica en el mundo, se analizaron m\u00e1s de 48 h de actividad cerebral, lo que ha servido para conocer las emociones que despert\u00f3 cada enclave tur\u00edstico en cada tipolog\u00eda de viajero, pudiendo saber qu\u00e9 fue lo que m\u00e1s llam\u00f3 la atenci\u00f3n a cada turista y cu\u00e1les fueron sus verdaderas emociones durante el viaje.\\u003c\/p\\u003e\\n\\u003cp\\u003e\u00a0\\u003c\/p\\u003e\\n\\u003cp\\u003eEsta campa\u00f1a, fue protagonizada por el chef, Fabi\u00e1n Le\u00f3n (@Fabianmasterchef), la viajera Sara Caballero (@lamochiladesara) y el aventurero David Castell\u00f3 Fern\u00e1ndez (@OceanLifeDC), quienes recorrieron 1.233 kil\u00f3metros durante 4 d\u00edas de viaje en los que visitaron el Mercado del Val, la Plaza Mayor, San Pablo, el Palacio Real y la Chanciller\u00eda en Valladolid; el acueducto, las Hoces del Durat\u00f3n y Sep\u00falveda en Segovia; el Parque Natural del Ca\u00f1\u00f3n de R\u00edo Lobos y la Ermita de San Bartolom\u00e9 en Soria; una bodega de Aranda de Duero, la Catedral y el yacimiento arqueol\u00f3gico de Atapuerca en Burgos; un tramo del Camino de Santiago, Fr\u00f3mista y el Canal de Castilla en Palencia; la catedral, las murallas y el Palacio de Gaud\u00ed en Astorga, el Patrimonio de la Humanidad de Las M\u00e9dulas y el barrio h\u00famedo, el Convento de San Marco y el centro hist\u00f3rico de Le\u00f3n; la comarca de Sanabria, con el castillo y su impresionante lago, un crucero por el r\u00edo Duero en la poblaci\u00f3n de Fermoselle en Zamora; el centro, la Plaza Mayor y la Universidad de Salamanca; las murallas de \u00c1vila. Asimismo, en cada localidad visitada pudieron disfrutar de la gastronom\u00eda y enolog\u00eda t\u00edpica de cada \u00e1rea de Castilla y Le\u00f3n.\\u003c\/p\\u003e\",\"blockId\":\"Z2lmAdn\",\"blockUniqueClass\":\"lazyblock-text-full-width-Z2lmAdn\"} \/-->\n\n<!-- wp:lazyblock\/hero {\"image-1920x720\":\"%7B%22alt%22:%22%22,%22title%22:%22CYL_backstage_07%22,%22caption%22:%22%22,%22id%22:9396,%22link%22:%22https:\/\/www.vccp.com\/madrid\/?attachment_id=9396%22,%22url%22:%22https:\/\/www.vccp.com\/madrid\/wp-content\/uploads\/sites\/3\/2021\/07\/CYL_backstage_07-scaled.jpg%22%7D\",\"blockId\":\"Z13QDPn\",\"blockUniqueClass\":\"lazyblock-hero-Z13QDPn\"} \/-->\n\n<!-- wp:lazyblock\/text-full-width {\"heading\":\"El an\u00e1lisis de los datos de actividad cerebral de los tres tipos de turistas que fueron objeto de este estudio permiti\u00f3 extraer numerosas conclusiones, entre las que destacan las siguientes:\",\"text\":\"\\u003cp\\u003e1.- Los est\u00edmulos que mayor activaci\u00f3n emocional positiva generan son aquellos desconocidos y m\u00e1s sorprendentes para cada persona:\\u003c\/p\\u003e\\n\\u003cp\\u003e\u00a0\\u003c\/p\\u003e\\n\\u003cp\\u003e- El chef sinti\u00f3 m\u00e1s intensidad emocional en actividades en la naturaleza: Lago de Sanabria, Zamora y la experiencia en piraguas en las Hoces del Durat\u00f3n, Segovia.\\u003c\/p\\u003e\\n\\u003cp\\u003e- La viajera sinti\u00f3 m\u00e1s intensidad emocional en actividades relacionadas con la gastronom\u00eda: Tapas en el Barrio h\u00famedo de L\u00e9on y el maridaje en Aranda de Duero.\\u003c\/p\\u003e\\n\\u003cp\\u003e- El aventurero sinti\u00f3 m\u00e1s intensidad emocional en actividades culturales: Yacimiento arqueol\u00f3gico, Catedral de Burgos.\\u003c\/p\\u003e\\n\\u003cp\\u003e\u00a0\\u003c\/p\\u003e\\n\\u003cp\\u003e2.- Las emociones m\u00e1s sentidas fueron: optimismo, asombro, disfrute, sorpresa y curiosidad.\\u003c\/p\\u003e\\n\\u003cp\\u003e\u00a0\\u003c\/p\\u003e\\n\\u003cp\\u003e3.- Todos los destinos visitados\/actividades realizadas han evocado emociones positivas en los participantes. Y el 61% de esos destinos visitados\/actividades realizadas han provocado en alguno de los participantes un cambio significativo en su estado emocional, pasando de neutro o negativo a positivo.\\u003c\/p\\u003e\\n\\u003cp\\u003e\u00a0\\u003c\/p\\u003e\\n\\u003cp\\u003eLos 5 momentos de mayor intensidad emocional fueron:\\u003c\/p\\u003e\\n\\u003cp\\u003e\u00a0\\u003c\/p\\u003e\\n\\u003cp\\u003e- Yacimiento arqueol\u00f3gico de Atapuerca.\\u003c\/p\\u003e\\n\\u003cp\\u003e- Hoces del R\u00edo Durat\u00f3n (ruta en piragua).\\u003c\/p\\u003e\\n\\u003cp\\u003e- Barrio h\u00famedo de Le\u00f3n (tapas).\\u003c\/p\\u003e\\n\\u003cp\\u003e- Iglesia de San Mart\u00edn de Tours (Fr\u00f3mista).\\u003c\/p\\u003e\\n\\u003cp\\u003e- Plaza Mayor de Salamanca.\\u003c\/p\\u003e\\n\\u003cp\\u003e\u00a0\\u003c\/p\\u003e\\n\\u003cp\\u003e4.- Las emociones m\u00e1s intensas vividas en:\\u003c\/p\\u003e\\n\\u003cp\\u003e- Los recursos naturales , calma y placer.\\u003c\/p\\u003e\\n\\u003cp\\u003e- En los recursos culturales, asombro y admiraci\u00f3n.\\u003c\/p\\u003e\\n\\u003cp\\u003e- En los recursos gastron\u00f3micos, satisfacci\u00f3n y placer.\\u003c\/p\\u003e\\n\\u003cp\\u003e\u00a0\\u003c\/p\\u003e\\n\\u003cp\\u003e5.- El 72% de las experiencias emocionales intensas sorprendieron a los participantes.\\u003c\/p\\u003e\\n\\u003cp\\u003e\u00a0\\u003c\/p\\u003e\\n\\u003cp\\u003e6.- El 68,2% de los picos de activaci\u00f3n emocional positiva vividos en los lugares\/actividades, provocan un estado de \u00e1nimo positivo de m\u00e1s de cuarenta minutos, el 21,3% de m\u00e1s de 50 minutos y el 10,5% de m\u00e1s de una hora.\\u003c\/p\\u003e\",\"blockId\":\"rt57o\",\"blockUniqueClass\":\"lazyblock-text-full-width-rt57o\"} \/-->\n\n<!-- wp:lazyblock\/hero {\"image-1920x720\":\"%7B%22alt%22:%22%22,%22title%22:%22CYL_backstage_02%22,%22caption%22:%22%22,%22id%22:9398,%22link%22:%22https:\/\/www.vccp.com\/madrid\/?attachment_id=9398%22,%22url%22:%22https:\/\/www.vccp.com\/madrid\/wp-content\/uploads\/sites\/3\/2021\/07\/CYL_backstage_02-scaled.jpg%22%7D\",\"blockId\":\"Z1TTvLR\",\"blockUniqueClass\":\"lazyblock-hero-Z1TTvLR\"} \/-->\n\n<!-- wp:lazyblock\/quote-full-width {\"quote\":\"Hemos podido comprobar c\u00f3mo rincones de Castilla y Le\u00f3n han cambiado totalmente el \u00e1nimo de las personas que participaban en el experimento. Podemos sentirnos orgullosos de haber medido la magia de un destino tur\u00edstico por primera vez en la historia. De esta manera hemos demostrado cient\u00edficamente que Castilla y Le\u00f3n es un destino atractivo para diferentes tipolog\u00edas de turistas, con diferentes motivaciones\",\"quotee\":\"Jos\u00e9 Ruiz Pardo, CEO y Director de Neurotecnolog\u00eda de Goli neuromarketing \",\"blockId\":\"Z1cPjJm\",\"blockUniqueClass\":\"lazyblock-quote-full-width-Z1cPjJm\"} \/-->\n\n<!-- wp:lazyblock\/hero {\"image-1920x720\":\"%7B%22alt%22:%22%22,%22title%22:%22CYL_backstage_04%22,%22caption%22:%22%22,%22id%22:9399,%22link%22:%22https:\/\/www.vccp.com\/madrid\/?attachment_id=9399%22,%22url%22:%22https:\/\/www.vccp.com\/madrid\/wp-content\/uploads\/sites\/3\/2021\/07\/CYL_backstage_04-scaled.jpg%22%7D\",\"blockId\":\"1gFnLK\",\"blockUniqueClass\":\"lazyblock-hero-1gFnLK\"} \/-->\n\n<!-- wp:lazyblock\/quote-full-width {\"quote\":\"Cuando se mezcla adecuadamente la tecnolog\u00eda y la emoci\u00f3n pueden pasar cosas m\u00e1gicas. Es un placer compartir este proyecto con todos. Castilla y Le\u00f3n los est\u00e1 esperando. Lo que no conocemos es lo que m\u00e1s nos emociona, es una experiencia \u00fanica\",\"quotee\":\"Beto Nahmad, Director creativo Ejecutivo de VCCP Spain \",\"blockId\":\"6USvA\",\"blockUniqueClass\":\"lazyblock-quote-full-width-6USvA\"} \/-->\n\n<!-- wp:lazyblock\/hero {\"image-1920x720\":\"%7B%22alt%22:%22%22,%22title%22:%22CYL_backstage_06%22,%22caption%22:%22%22,%22id%22:9397,%22link%22:%22https:\/\/www.vccp.com\/madrid\/?attachment_id=9397%22,%22url%22:%22https:\/\/www.vccp.com\/madrid\/wp-content\/uploads\/sites\/3\/2021\/07\/CYL_backstage_06-scaled.jpg%22%7D\",\"blockId\":\"1PwQP1\",\"blockUniqueClass\":\"lazyblock-hero-1PwQP1\"} \/-->\n\n<!-- wp:lazyblock\/quote-full-width {\"quote\":\"Hay que valorar la visi\u00f3n y la valent\u00eda de la  Junta de Castilla y Le\u00f3n al entender el valor de la idea que les propusimos y por apostar por un experimento real, sin saber los resultados que \u00edbamos a obtener. Esa valent\u00eda se ha traducido en una acci\u00f3n de comunicaci\u00f3n nunca antes hecha en el sector tur\u00edstico en la que, no solo se comunica sino que se demuestra, la relevancia las diferentes experiencias que cada tipo de turistas pueden vivir en este destino tur\u00edstico\",\"quotee\":\"Javier Suso, CEO VCCP Spain\",\"blockId\":\"Z1sjQFS\",\"blockUniqueClass\":\"lazyblock-quote-full-width-Z1sjQFS\"} \/-->","post_title":"Demostramos el atractivo de Castilla y Le\u00f3n a trav\u00e9s de la neurociencia","post_excerpt":"","post_status":"publish","comment_status":"closed","ping_status":"closed","post_password":"","post_name":"castilla-y-leon-usa-neurociencia-para-demostrar-su-atractivo-como-destino-turistico","to_ping":"","pinged":"","post_modified":"2023-02-07 10:30:32","post_modified_gmt":"2023-02-07 10:30:32","post_content_filtered":"","post_parent":0,"guid":"https:\/\/www.vccp.com\/madrid\/?post_type=news&#038;p=9401","menu_order":0,"post_type":"news","post_mime_type":"","comment_count":"0","filter":"raw"}},{"relateditem":{"ID":9383,"post_author":"23","post_date":"2021-06-04 11:33:02","post_date_gmt":"2021-06-04 10:33:02","post_content":"<!-- wp:lazyblock\/text-full-width {\"heading\":\"Cervezas San Miguel lanza de la mano de VCCP la campa\u00f1a \u201cMake your Summer Richer\u201d (Vivi un'estate pi\u00f9 rica) en Italia, que tambi\u00e9n tendr\u00e1 una declinaci\u00f3n para Finlandia, Suecia e Irlanda\",\"text\":\"\\u003cp\\u003eVCCP Spain ha desarrollado la creatividad de la campa\u00f1a \u201cMake your Summer Richer\u201d de Cervezas San Miguel, en la que se invita a los consumidores a disfrutar de la temporada estival, viviendo experiencias, desconectando o disfrutando de los suyos, descubriendo de esta manera una forma de vivir m\u00e1s enriquecida. En la campa\u00f1a se presenta una forma de vivir al estilo de Cerveza San Miguel, con la frescura y espontaneidad que caracterizan a la marca.\\u003c\/p\\u003e\\n\\u003cp\\u003eLa campa\u00f1a, desarrollada para Italia, pero que tambi\u00e9n contar\u00e1 con declinaciones para Finlandia, Suecia e Irlanda, contar\u00e1 con una fuerte presencia en medios digitales, tendr\u00e1 visibilidad en las principales plataformas de v\u00eddeo del mercado local, se complementar\u00e1 con banners en los medios digitales italianos m\u00e1s representativos, acciones en redes sociales y una acci\u00f3n con m\u00e1s de 75 influencers locales, quienes contar\u00e1n, desde una perspectiva real, su interpretaci\u00f3n de c\u00f3mo viven un verano m\u00e1s rico junto a Cervezas San Miguel.\\u003c\/p\\u003e\\n\\u003cp\\u003eSe lanz\u00f3 el 1 de junio coincidiendo con la \u00e9poca estival y estar\u00e1 activa durante junio, julio y agosto, pretende impulsar la visibilidad de la marca durante estos meses y conseguir generar relevancia y notoriedad en la mente del consumidor italiano.\\u003c\/p\\u003e\",\"blockId\":\"XWiPv\",\"blockUniqueClass\":\"lazyblock-text-full-width-XWiPv\"} \/-->\n\n<!-- wp:lazyblock\/hero {\"image-1920x720\":\"%7B%22alt%22:%22%22,%22title%22:%2203%22,%22caption%22:%22%22,%22id%22:9380,%22link%22:%22https:\/\/www.vccp.com\/madrid\/news\/2021\/jun\/cervezas-san-miguel-trusts-vccp-for-the-launch-of-its-summer-campaign-in-italy\/attachment\/03%22,%22url%22:%22https:\/\/www.vccp.com\/madrid\/wp-content\/uploads\/sites\/3\/2021\/06\/03.png%22%7D\",\"blockId\":\"Z22L5bL\",\"blockUniqueClass\":\"lazyblock-hero-Z22L5bL\"} \/-->\n\n<!-- wp:lazyblock\/quote-full-width {\"quote\":\"Es un orgullo para VCCP contar con la confianza de un cliente como Cervezas San Miguel desde 2016, acompa\u00f1\u00e1ndolos no solo en la estrategia de on-going como tambi\u00e9n en lanzamientos internacionales tan importantes como \u00e9ste. Cuando las sinergias entre clientes y agencias funcionan, se palpan en la excelencia del trabajo conseguido\",\"quotee\":\"Eliana Cantonati, Directora de Servicio al Cliente de VCCP Spain\",\"blockId\":\"1Lu2Y8\",\"blockUniqueClass\":\"lazyblock-quote-full-width-1Lu2Y8\"} \/-->\n\n<!-- wp:lazyblock\/carousel {\"items\":\"%5B%7B%22video-source%22:%22youtube%22,%22video-id%22:%22PCZwVRzThzM%22%7D%5D\",\"blockId\":\"1yeBKS\",\"blockUniqueClass\":\"lazyblock-carousel-1yeBKS\"} \/-->\n\n<!-- wp:lazyblock\/quote-full-width {\"quote\":\"Nuestro objetivo era transmitir al p\u00fablico internacional todo aquello relacionado con nuestra forma de ser, de disfrutar, de socializar... En definitiva, reflejar nuestra manera de enriquecer nuestra vida en el d\u00eda a d\u00eda. Algo que va muy de la mano de una marca como San Miguel y su necesidad de exportar su esp\u00edritu a todos aquellos pa\u00edses en los que est\u00e1 presente\",\"quotee\":\"Jes\u00fas Mellado, Director Creativo de VCCP Spain\",\"blockId\":\"22kcwB\",\"blockUniqueClass\":\"lazyblock-quote-full-width-22kcwB\"} \/-->\n\n<!-- wp:lazyblock\/hero {\"image-1920x720\":\"%7B%22alt%22:%22%22,%22title%22:%2202-1%22,%22caption%22:%22%22,%22id%22:9382,%22link%22:%22https:\/\/www.vccp.com\/madrid\/news\/2021\/jun\/cervezas-san-miguel-trusts-vccp-for-the-launch-of-its-summer-campaign-in-italy\/attachment\/02-1%22,%22url%22:%22https:\/\/www.vccp.com\/madrid\/wp-content\/uploads\/sites\/3\/2021\/06\/02-1.png%22%7D\",\"blockId\":\"ZTKLqH\",\"blockUniqueClass\":\"lazyblock-hero-ZTKLqH\"} \/-->","post_title":"San Miguel conf\u00eda en VCCP para el lanzamiento de su campa\u00f1a de verano en Italia","post_excerpt":"","post_status":"publish","comment_status":"closed","ping_status":"closed","post_password":"","post_name":"cervezas-san-miguel-trusts-vccp-for-the-launch-of-its-summer-campaign-in-italy","to_ping":"","pinged":"","post_modified":"2023-02-07 10:31:23","post_modified_gmt":"2023-02-07 10:31:23","post_content_filtered":"","post_parent":0,"guid":"https:\/\/www.vccp.com\/madrid\/?post_type=news&#038;p=9383","menu_order":0,"post_type":"news","post_mime_type":"","comment_count":"0","filter":"raw"}},{"relateditem":{"ID":9370,"post_author":"23","post_date":"2021-05-27 12:26:35","post_date_gmt":"2021-05-27 11:26:35","post_content":"<!-- wp:lazyblock\/text-full-width {\"heading\":\"OPPO, l\u00edder mundial en innovaci\u00f3n y producci\u00f3n de dispositivos inteligentes de tecnolog\u00eda, elige a VCCP Spain para fortalecer su presencia en Latinoam\u00e9rica tras la celebraci\u00f3n de un concurso en el que participaron cuatro de las mejores agencias del mundo\",\"text\":\"\\u003cp\\u003eOPPO, l\u00edder mundial en innovaci\u00f3n y producci\u00f3n de dispositivos inteligentes fundada en 2004, ha elegido a la agencia VCCP Spain tras la celebraci\u00f3n de un concurso de agencias. En este concurso participaron cuatro de las agencias m\u00e1s creativas del mundo.\\u003c\/p\\u003e\\n\\u003cp\\u003eEl primer trabajo de VCCP Spain para OPPO consistir\u00e1 en el lanzamiento del smartphone OPPO Reno5 Lite en Latinoam\u00e9rica. VCCP Spain ha definido la estrategia y la creatividad de dicha campa\u00f1a, que contar\u00e1 con presencia en medios digitales, redes sociales y puntos de venta, y que contar\u00e1 con presencia en el mercado latinoamericano, siendo mercados principales M\u00e9xico, Colombia y Chile.\\u003c\/p\\u003e\\n\\u003cp\\u003eEsta campa\u00f1a de VCCP Spain presenta los beneficios principales del smartphone Oppo Reno5 Lite, para ayudar a la comprensi\u00f3n de los mismos y despertar el inter\u00e9s por parte de los consumidores latinoamericanos. En concreto, se presenta la c\u00e1mara de 48 megap\u00edxeles y la funcionalidad dual-view video, gracias a la cual podemos captar dos enfoques de una misma escena y de este modo, registrar hermosos momentos en la vida de nuestros seres queridos.\\u003c\/p\\u003e\\n\\u003cp\\u003eOPPO tratar\u00e1 de reforzar la transmisi\u00f3n de su misi\u00f3n de marca \u201cBring \\u003cem\\u003etechnology with heart and soul to every consumer\\u003c\/em\\u003e\u201d junto a VCCP Spain en Latinoam\u00e9rcia, dando un paso m\u00e1s en su estrategia de expansi\u00f3n internacional.\\u003c\/p\\u003e\",\"blockId\":\"Z1q7xvh\",\"blockUniqueClass\":\"lazyblock-text-full-width-Z1q7xvh\"} \/-->\n\n<!-- wp:lazyblock\/hero {\"image-1920x720\":\"%7B%22alt%22:%22%22,%22title%22:%2202_VCCP-x-Oppo-1%22,%22caption%22:%22%22,%22id%22:9371,%22link%22:%22https:\/\/www.vccp.com\/madrid\/?attachment_id=9371%22,%22url%22:%22https:\/\/www.vccp.com\/madrid\/wp-content\/uploads\/sites\/3\/2021\/05\/02_VCCP-x-Oppo-1.png%22%7D\",\"blockId\":\"Z1S94Tk\",\"blockUniqueClass\":\"lazyblock-hero-Z1S94Tk\"} \/-->\n\n<!-- wp:lazyblock\/quote-full-width {\"quote\":\"Cada d\u00eda, m\u00e1s marcas internacionales apuestan por VCCP Spain para desarrollar campa\u00f1as tanto en Latinoam\u00e9rica como en Europa, con apoyo del equipo internacional de VCCP. El caso de OPPO, al igual que el de otras marcas internacionales para las que hemos empezado a trabajar recientemente, son claro ejemplo de ello\",\"quotee\":\"Javier Suso, CEO de VCCP Spain\",\"blockId\":\"dYjML\",\"blockUniqueClass\":\"lazyblock-quote-full-width-dYjML\"} \/-->\n\n<!-- wp:lazyblock\/hero {\"image-1920x720\":\"%7B%22alt%22:%22%22,%22title%22:%2207_VCCP-x-Oppo-2%22,%22caption%22:%22%22,%22id%22:9372,%22link%22:%22https:\/\/www.vccp.com\/madrid\/?attachment_id=9372%22,%22url%22:%22https:\/\/www.vccp.com\/madrid\/wp-content\/uploads\/sites\/3\/2021\/05\/07_VCCP-x-Oppo-2.png%22%7D\",\"blockId\":\"Z64aUG\",\"blockUniqueClass\":\"lazyblock-hero-Z64aUG\"} \/-->\n\n<!-- wp:lazyblock\/quote-full-width {\"quote\":\"Trabajar para una marca con tanto potencial se convierte en un desaf\u00edo muy grande. Desde VCCP buscamos exportar nuestro estilo de comunicaci\u00f3n estrat\u00e9gica potenciada por la creatividad latina para dar forma a una campa\u00f1a que saldr\u00e1 en toda latinoam\u00e9rica\",\"quotee\":\"Juan C\u00e9noz, Director Creativo de VCCP Spain\",\"blockId\":\"1oDI5j\",\"blockUniqueClass\":\"lazyblock-quote-full-width-1oDI5j\"} \/-->","post_title":"OPPO conf\u00eda en VCCP para su expansi\u00f3n en Latinoam\u00e9rica","post_excerpt":"","post_status":"publish","comment_status":"closed","ping_status":"closed","post_password":"","post_name":"oppo-appoints-vccp-spain-for-expansion-into-latin-america","to_ping":"","pinged":"","post_modified":"2023-02-07 10:24:32","post_modified_gmt":"2023-02-07 10:24:32","post_content_filtered":"","post_parent":0,"guid":"https:\/\/www.vccp.com\/madrid\/?post_type=news&#038;p=9370","menu_order":0,"post_type":"news","post_mime_type":"","comment_count":"0","filter":"raw"}}],"hide_related_items":[],"visible_on_home_page":["1"],"capability_ids":["3504"],"news_id":"393"},"lang":"es-es","translations":{"es-es":9449,"en-gb":9445},"pll_sync_post":[],"_links":{"self":[{"href":"https:\/\/www.vccp.com\/spain\/wp-json\/wp\/v2\/news\/9449","targetHints":{"allow":["GET"]}}],"collection":[{"href":"https:\/\/www.vccp.com\/spain\/wp-json\/wp\/v2\/news"}],"about":[{"href":"https:\/\/www.vccp.com\/spain\/wp-json\/wp\/v2\/types\/news"}],"author":[{"embeddable":true,"href":"https:\/\/www.vccp.com\/spain\/wp-json\/wp\/v2\/users\/23"}],"wp:attachment":[{"href":"https:\/\/www.vccp.com\/spain\/wp-json\/wp\/v2\/media?parent=9449"}],"wp:term":[{"taxonomy":"category","embeddable":true,"href":"https:\/\/www.vccp.com\/spain\/wp-json\/wp\/v2\/categories?post=9449"}],"curies":[{"name":"wp","href":"https:\/\/api.w.org\/{rel}","templated":true}]}}