{"id":9371,"date":"2023-01-19T10:08:27","date_gmt":"2023-01-19T10:08:27","guid":{"rendered":"https:\/\/www.vccp.com\/prague\/?post_type=news&#038;p=9371"},"modified":"2023-01-19T10:10:41","modified_gmt":"2023-01-19T10:10:41","slug":"vccp-appointed-as-the-agency-partner-to-komercni-banka%ef%bf%bc","status":"publish","type":"news","link":"https:\/\/www.vccp.com\/czechia\/news\/2023\/jan\/vccp-appointed-as-the-agency-partner-to-komercni-banka%ef%bf%bc","title":{"rendered":"VCCP appointed as the agency partner to Komercni Banka"},"content":{"rendered":"<div class=\"lazyblock-two-column-text-quote-image-17lClX wp-block-lazyblock-two-column-text-quote-image\"><section class=\"fullwidth fullwidth--overflow \" data-aos=\"fade-up\">\r\n  <div class=\"container container--spaced-lg\">\r\n    \r\n    <div class=\"row\">\r\n      \r\n      <div class=\"col-md-6\">\r\n        <p>VCCP has been selected as the winner of a strategic and creative agency pitch. The new communication platform will introduce a new era of the bank &#8211; more innovative, more digital, more sustainable.<\/p>\n<p>\u00a0<\/p>\n<p>Hana Kov\u00e1\u0159ov\u00e1, Executive Director for Brand Strategy and Communication, commented:<\/p>        \r\n                \r\n  \t\t\t      <\/div>\r\n      \r\n      <div class=\"col-md-6\">\r\n    \t\t<p>&#8220;The year 2023 is a very important one for us at Komercni banka. We&#8217;re changing the technological platform of our bank, as well as our banking system, which will become more modern and much more user friendly. VCCP understood perfectly the direction our company and brand is headed and expressed this in a very convincing way in their strategic and creative solution. I believe they will be a strong partner to us on our new journey.&#8221;<\/p>\n<p>\u00a0<\/p>  \t\t<\/div>\r\n  \t\t\r\n    <\/div>\r\n    \r\n  <\/div>\r\n<\/section><\/div>\n\n<div class=\"lazyblock-quote-full-width-Z14NBPS wp-block-lazyblock-quote-full-width\">  <section class=\"fullwidth fullwidth--top-lg text-center\" data-aos=\"fade-up\">\n    <div class=\"container\">\n\n      <blockquote class=\"blockquote\">\n        &#8220;Long term brand building and their transformation is our strong suit. I&#8217;m proud that the team of Komer\u010dn\u00ed banka saw this in our work. We&#8217;re excited to create communication which will shape the future of the banking category.&#8221; \n        <cite>added Helena de la Barre, Managing Director of VCCP<\/cite>      <\/blockquote>\n\n    <\/div>\n  <\/section><\/div>","protected":false},"excerpt":{"rendered":"","protected":false},"author":32,"template":"","categories":[191],"class_list":["post-9371","news","type-news","status-publish","hentry","category-agency-news"],"acf":{"author":false,"capability_ids":["988"],"client_id":"","hero_video":"","hero_image":{"ID":9375,"id":9375,"title":"com","filename":"com.png","filesize":1365152,"url":"https:\/\/www.vccp.com\/czechia\/wp-content\/uploads\/sites\/6\/2023\/01\/com.png","link":"https:\/\/www.vccp.com\/czechia\/news\/2023\/jan\/vccp-appointed-as-the-agency-partner-to-komercni-banka%ef%bf%bc\/attachment\/com","alt":"","author":"32","description":"","caption":"","name":"com","status":"inherit","uploaded_to":9371,"date":"2023-01-19 10:08:01","modified":"2023-01-19 10:08:01","menu_order":0,"mime_type":"image\/png","type":"image","subtype":"png","icon":"https:\/\/www.vccp.com\/czechia\/wp-includes\/images\/media\/default.png","width":3749,"height":1415,"sizes":{"thumbnail":"https:\/\/www.vccp.com\/czechia\/wp-content\/uploads\/sites\/6\/2023\/01\/com-150x150.png","thumbnail-width":150,"thumbnail-height":150,"medium":"https:\/\/www.vccp.com\/czechia\/wp-content\/uploads\/sites\/6\/2023\/01\/com-300x113.png","medium-width":300,"medium-height":113,"medium_large":"https:\/\/www.vccp.com\/czechia\/wp-content\/uploads\/sites\/6\/2023\/01\/com-768x290.png","medium_large-width":640,"medium_large-height":242,"large":"https:\/\/www.vccp.com\/czechia\/wp-content\/uploads\/sites\/6\/2023\/01\/com-1024x386.png","large-width":640,"large-height":241,"1536x1536":"https:\/\/www.vccp.com\/czechia\/wp-content\/uploads\/sites\/6\/2023\/01\/com-1536x580.png","1536x1536-width":1536,"1536x1536-height":580,"2048x2048":"https:\/\/www.vccp.com\/czechia\/wp-content\/uploads\/sites\/6\/2023\/01\/com-2048x773.png","2048x2048-width":2048,"2048x2048-height":773,"Header":"https:\/\/www.vccp.com\/czechia\/wp-content\/uploads\/sites\/6\/2023\/01\/com-1920x720.png","Header-width":1920,"Header-height":720,"Wide":"https:\/\/www.vccp.com\/czechia\/wp-content\/uploads\/sites\/6\/2023\/01\/com-1920x960.png","Wide-width":1920,"Wide-height":960,"Square":"https:\/\/www.vccp.com\/czechia\/wp-content\/uploads\/sites\/6\/2023\/01\/com-768x768.png","Square-width":768,"Square-height":768,"Tall":"https:\/\/www.vccp.com\/czechia\/wp-content\/uploads\/sites\/6\/2023\/01\/com-307x615.png","Tall-width":307,"Tall-height":615,"Mobile":"https:\/\/www.vccp.com\/czechia\/wp-content\/uploads\/sites\/6\/2023\/01\/com-768x960.png","Mobile-width":768,"Mobile-height":960,"Facebook":"https:\/\/www.vccp.com\/czechia\/wp-content\/uploads\/sites\/6\/2023\/01\/com-1200x630.png","Facebook-width":1200,"Facebook-height":630,"Grid-Item-Square":"https:\/\/www.vccp.com\/czechia\/wp-content\/uploads\/sites\/6\/2023\/01\/com-768x768.png","Grid-Item-Square-width":768,"Grid-Item-Square-height":768,"Grid-Item-Wide":"https:\/\/www.vccp.com\/czechia\/wp-content\/uploads\/sites\/6\/2023\/01\/com-768x384.png","Grid-Item-Wide-width":768,"Grid-Item-Wide-height":384,"Grid-Item-Tall":"https:\/\/www.vccp.com\/czechia\/wp-content\/uploads\/sites\/6\/2023\/01\/com-307x615.png","Grid-Item-Tall-width":307,"Grid-Item-Tall-height":615}},"meta-title":"","meta-description":"","social-media-image":"https:\/\/www.vccp.com\/czechia\/wp-content\/uploads\/sites\/6\/2023\/01\/verze-1-kopie.png","news_id":"191","relateditems":false,"related_content_title":"You may also like","hide_related_items":[],"visible_on_home_page":["1"]},"_links":{"self":[{"href":"https:\/\/www.vccp.com\/czechia\/wp-json\/wp\/v2\/news\/9371","targetHints":{"allow":["GET"]}}],"collection":[{"href":"https:\/\/www.vccp.com\/czechia\/wp-json\/wp\/v2\/news"}],"about":[{"href":"https:\/\/www.vccp.com\/czechia\/wp-json\/wp\/v2\/types\/news"}],"author":[{"embeddable":true,"href":"https:\/\/www.vccp.com\/czechia\/wp-json\/wp\/v2\/users\/32"}],"wp:attachment":[{"href":"https:\/\/www.vccp.com\/czechia\/wp-json\/wp\/v2\/media?parent=9371"}],"wp:term":[{"taxonomy":"category","embeddable":true,"href":"https:\/\/www.vccp.com\/czechia\/wp-json\/wp\/v2\/categories?post=9371"}],"curies":[{"name":"wp","href":"https:\/\/api.w.org\/{rel}","templated":true}]}}